{"id":2193,"date":"2024-09-02T16:04:16","date_gmt":"2024-09-02T14:04:16","guid":{"rendered":"https:\/\/www.lagalerieblaye.art\/fr\/?p=2193"},"modified":"2024-09-04T16:06:47","modified_gmt":"2024-09-04T14:06:47","slug":"les-rencontres-artistiques-de-la-galerie","status":"publish","type":"post","link":"https:\/\/www.lagalerieblaye.art\/en\/les-rencontres-artistiques-de-la-galerie\/","title":{"rendered":"Les rencontres artistiques de La Galerie"},"content":{"rendered":"\n<p>Un rendez-vous une fois par mois autour d&#8217;un verre de vin &amp; tapas pour rencontrer, \u00e9changer, voir des oeuvres sur fond musical. Qu&#8217;en d\u00eetes vous ? Premi\u00e8re ce lundi 2 septembre 2024 de 19h \u00e0 21h.<\/p>\n","protected":false},"excerpt":{"rendered":"<p>Un rendez-vous une fois par mois autour d&#8217;un verre de vin &amp; tapas pour rencontrer, \u00e9changer, voir des oeuvres sur fond musical. Qu&#8217;en d\u00eetes vous ? Premi\u00e8re ce lundi 2 septembre 2024 de 19h \u00e0 21h.<\/p>\n","protected":false},"author":1,"featured_media":2194,"comment_status":"closed","ping_status":"open","sticky":false,"template":"","format":"standard","meta":{"_acf_changed":false,"_et_pb_use_builder":"","_et_pb_old_content":"","_et_gb_content_width":"","pgc_sgb_lightbox_settings":"","footnotes":""},"categories":[1],"tags":[],"class_list":["post-2193","post","type-post","status-publish","format-standard","has-post-thumbnail","hentry","category-non-classe"],"acf":[],"_links":{"self":[{"href":"https:\/\/www.lagalerieblaye.art\/en\/wp-json\/wp\/v2\/posts\/2193","targetHints":{"allow":["GET"]}}],"collection":[{"href":"https:\/\/www.lagalerieblaye.art\/en\/wp-json\/wp\/v2\/posts"}],"about":[{"href":"https:\/\/www.lagalerieblaye.art\/en\/wp-json\/wp\/v2\/types\/post"}],"author":[{"embeddable":true,"href":"https:\/\/www.lagalerieblaye.art\/en\/wp-json\/wp\/v2\/users\/1"}],"replies":[{"embeddable":true,"href":"https:\/\/www.lagalerieblaye.art\/en\/wp-json\/wp\/v2\/comments?post=2193"}],"version-history":[{"count":1,"href":"https:\/\/www.lagalerieblaye.art\/en\/wp-json\/wp\/v2\/posts\/2193\/revisions"}],"predecessor-version":[{"id":2195,"href":"https:\/\/www.lagalerieblaye.art\/en\/wp-json\/wp\/v2\/posts\/2193\/revisions\/2195"}],"wp:featuredmedia":[{"embeddable":true,"href":"https:\/\/www.lagalerieblaye.art\/en\/wp-json\/wp\/v2\/media\/2194"}],"wp:attachment":[{"href":"https:\/\/www.lagalerieblaye.art\/en\/wp-json\/wp\/v2\/media?parent=2193"}],"wp:term":[{"taxonomy":"category","embeddable":true,"href":"https:\/\/www.lagalerieblaye.art\/en\/wp-json\/wp\/v2\/categories?post=2193"},{"taxonomy":"post_tag","embeddable":true,"href":"https:\/\/www.lagalerieblaye.art\/en\/wp-json\/wp\/v2\/tags?post=2193"}],"curies":[{"name":"wp","href":"https:\/\/api.w.org\/{rel}","templated":true}]}}